{"id":1009,"date":"2023-05-15T13:07:59","date_gmt":"2023-05-15T12:07:59","guid":{"rendered":"https:\/\/www.statoveneto.net\/assemblea\/?p=1009"},"modified":"2023-09-10T20:51:15","modified_gmt":"2023-09-10T19:51:15","slug":"legge-2-del-6-maggio-2023-istituzione-dei-vicepresidenti-dellassemblea","status":"publish","type":"post","link":"https:\/\/statoveneto.net\/assemblea\/2023\/05\/15\/legge-2-del-6-maggio-2023-istituzione-dei-vicepresidenti-dellassemblea\/","title":{"rendered":"Legge 2 del 6 Maggio 2023 \u2013Istituzione dei Vicepresidenti dell&#8217;Assemblea"},"content":{"rendered":"\n<h1 class=\"wp-block-heading has-text-align-center\">Assemblea del Popolo Veneto<\/h1>\n\n\n\n<h3 class=\"wp-block-heading has-text-align-center\"><strong><em>in funzione di Senato Federale del Lombardo-Veneto<\/em><\/strong><\/h3>\n\n\n\n<hr class=\"wp-block-separator has-alpha-channel-opacity\"\/>\n\n\n\n<h4 class=\"wp-block-heading\">Istituzione dei Vicepresidenti dell&#8217;Assemblea<\/h4>\n\n\n\n<p><strong>l&#8217;Assemblea delibera<\/strong><\/p>\n\n\n\n<p>Art 1 &#8211;  il Presidente dell&#8217;Assemblea, dal giorno di validit\u00e0 della presente legge oppure entro 15 giorni dall&#8217;assunzione della carica, \u00e8 tenuto ad indicare almeno un membro quale vicepresidente che lo sostituir\u00e0 in caso di impedimento (assenza, malattia, irreperibilit\u00e0) o su delega specifica. In caso di impedimento del Presidente il Vicepresidente pi\u00f9 anziano lo sostituisce.<br \/>Art 2 &#8211; Il Presidente pu\u00f2 delegare ad un Vicepresidente alcune funzioni in via generale, ma \u00e8 tenuto a vigilare sulle azioni da egli compiute e ne \u00e8 corresponsabile.<br \/>Art 3 &#8211; Le nomine e gli incarichi dei vicepresidenti vanno preventivamente comunicate all&#8217;Assemblea con almeno 24 ore di anticipo e decadono immediatamente quando il Presidente cessa le funzioni.<br \/> La presente legge entra in vigore 10 giorni dopo la pubblicazione.<\/p>\n","protected":false},"excerpt":{"rendered":"<p>Assemblea del Popolo Veneto in funzione di Senato Federale del Lombardo-Veneto Istituzione dei Vicepresidenti dell&#8217;Assemblea l&#8217;Assemblea delibera Art 1 &#8211; il Presidente dell&#8217;Assemblea, dal giorno di validit\u00e0 della presente legge oppure entro 15 giorni dall&#8217;assunzione della carica, \u00e8 tenuto ad indicare almeno un membro quale vicepresidente che lo sostituir\u00e0 in caso di impedimento (assenza, malattia, [&hellip;]<\/p>\n","protected":false},"author":4,"featured_media":0,"comment_status":"open","ping_status":"open","sticky":false,"template":"","format":"standard","meta":{"footnotes":""},"categories":[6],"tags":[40,173,171,11,9,189],"class_list":["post-1009","post","type-post","status-publish","format-standard","hentry","category-lex","tag-asenblea","tag-assemblea","tag-istituzioni","tag-presidente-asenblea","tag-regolamento-interno","tag-vicepresidente","has-post-title","has-post-date","has-post-category","has-post-tag","has-post-comment","has-post-author",""],"builder_content":"","_links":{"self":[{"href":"https:\/\/statoveneto.net\/assemblea\/wp-json\/wp\/v2\/posts\/1009","targetHints":{"allow":["GET"]}}],"collection":[{"href":"https:\/\/statoveneto.net\/assemblea\/wp-json\/wp\/v2\/posts"}],"about":[{"href":"https:\/\/statoveneto.net\/assemblea\/wp-json\/wp\/v2\/types\/post"}],"author":[{"embeddable":true,"href":"https:\/\/statoveneto.net\/assemblea\/wp-json\/wp\/v2\/users\/4"}],"replies":[{"embeddable":true,"href":"https:\/\/statoveneto.net\/assemblea\/wp-json\/wp\/v2\/comments?post=1009"}],"version-history":[{"count":2,"href":"https:\/\/statoveneto.net\/assemblea\/wp-json\/wp\/v2\/posts\/1009\/revisions"}],"predecessor-version":[{"id":1050,"href":"https:\/\/statoveneto.net\/assemblea\/wp-json\/wp\/v2\/posts\/1009\/revisions\/1050"}],"wp:attachment":[{"href":"https:\/\/statoveneto.net\/assemblea\/wp-json\/wp\/v2\/media?parent=1009"}],"wp:term":[{"taxonomy":"category","embeddable":true,"href":"https:\/\/statoveneto.net\/assemblea\/wp-json\/wp\/v2\/categories?post=1009"},{"taxonomy":"post_tag","embeddable":true,"href":"https:\/\/statoveneto.net\/assemblea\/wp-json\/wp\/v2\/tags?post=1009"}],"curies":[{"name":"wp","href":"https:\/\/api.w.org\/{rel}","templated":true}]}}