{"id":186,"date":"1999-07-28T14:19:54","date_gmt":"1999-07-28T13:19:54","guid":{"rendered":"http:\/\/statoveneto.net\/governo\/?p=186"},"modified":"2009-09-02T14:35:32","modified_gmt":"2009-09-02T13:35:32","slug":"anagrafe-del-popolo-veneto","status":"publish","type":"post","link":"https:\/\/statoveneto.net\/governo\/anagrafe-del-popolo-veneto\/","title":{"rendered":"Anagrafe del popolo veneto"},"content":{"rendered":"<p>Noaltri,<\/p>\n<p>popeo veneto riconossuo daea lexe taliana aeo articoeo 2 del Statuto della amministrassion taliana dea cussi dita Region Veneto,<\/p>\n<p>nel rispeto dea nostra storia e dei diriti umani, stabiimo che ea lengua veneta xe quea dei documenti che noaltri femo e riconossuda dal ciapo &#8220;Rianassimento Veneto&#8221;.<\/p>\n<p>In considerassion dea richesa dea lengua veneta, el ciapo &#8220;Rinassimento Veneto&#8221; vien riconossuo come &#8220;Istituto dea lengua veneta&#8221; che certifica i parlanti veneto.<\/p>\n<p>Poe iscriverse al popoeo veneto chi riconosse el dirito de autogoverno del popolo veneto e che el sia:<br \/>\n1) nati da parlanti veneto<br \/>\n2) i dissendente fin aea seconda jenerassion (nevodi) de un parlante veneto nato in veneto;<br \/>\n3) i residenti in veneto in da almanco diese (10) ani che parla veneto;<br \/>\n3) i nati in veneto parlanti residenti da almanco 5 anni;<br \/>\n4) chi ga l&#8217;acetassion secondo dimanda speciae;<\/p>\n<p>Par tegner dei citadini veneti istituimo ea &#8220;lista dei citadini veneti&#8221;.<\/p>\n<p>El popolo veneto Franceschi Luciano,Palmerini Loris, Segato Giuseppe.<\/p>\n<p>Dito fato e sotoscrito a Borborico el 27 lujo 1999<\/p>\n<p>Note:<br \/>\nBorborico per l&#8217;aministrassion taliana xe el comun di &#8220;Borgoricco (PD)&#8221;<br \/>\n\u0142a prima riga, &#8220;popeo&#8221; xe un eror , jera &#8220;popoeo&#8221;<br \/>\n\u0142a &#8220;e&#8221; cascante o evanesente , de norma intervocalica, se po\u0142 scrivarla co &#8220;e&#8221; o &#8220;l&#8221; o &#8220;\u0142&#8221; ; cus\u00ec\u00a0 popoeo se pol scrivare anche &#8220;popo\u0142o&#8221; o &#8220;popolo&#8221;<\/p>\n<p><img loading=\"lazy\" decoding=\"async\" class=\"alignnone\" title=\"Anagrafe del Popolo Veneto, documento originale\" src=\"http:\/\/repubblica.org\/governo\/veneto\/lengua.gif\" alt=\"\" width=\"600\" height=\"800\" \/><\/p>\n","protected":false},"excerpt":{"rendered":"<p>Noaltri, popeo veneto riconossuo daea lexe taliana aeo articoeo 2 del Statuto della amministrassion taliana dea cussi dita Region Veneto, nel rispeto dea nostra storia e dei diriti umani, stabiimo che ea lengua veneta xe quea dei documenti che noaltri femo e riconossuda dal ciapo &#8220;Rianassimento Veneto&#8221;. In considerassion dea richesa dea lengua veneta, el [&hellip;]<\/p>\n","protected":false},"author":1,"featured_media":0,"comment_status":"open","ping_status":"open","sticky":false,"template":"","format":"standard","meta":{"footnotes":""},"categories":[1],"tags":[],"class_list":["post-186","post","type-post","status-publish","format-standard","hentry","category-generali","has-post-title","has-post-date","has-post-category","has-post-tag","has-post-comment","has-post-author",""],"builder_content":"","_links":{"self":[{"href":"https:\/\/statoveneto.net\/governo\/wp-json\/wp\/v2\/posts\/186","targetHints":{"allow":["GET"]}}],"collection":[{"href":"https:\/\/statoveneto.net\/governo\/wp-json\/wp\/v2\/posts"}],"about":[{"href":"https:\/\/statoveneto.net\/governo\/wp-json\/wp\/v2\/types\/post"}],"author":[{"embeddable":true,"href":"https:\/\/statoveneto.net\/governo\/wp-json\/wp\/v2\/users\/1"}],"replies":[{"embeddable":true,"href":"https:\/\/statoveneto.net\/governo\/wp-json\/wp\/v2\/comments?post=186"}],"version-history":[{"count":1,"href":"https:\/\/statoveneto.net\/governo\/wp-json\/wp\/v2\/posts\/186\/revisions"}],"predecessor-version":[{"id":187,"href":"https:\/\/statoveneto.net\/governo\/wp-json\/wp\/v2\/posts\/186\/revisions\/187"}],"wp:attachment":[{"href":"https:\/\/statoveneto.net\/governo\/wp-json\/wp\/v2\/media?parent=186"}],"wp:term":[{"taxonomy":"category","embeddable":true,"href":"https:\/\/statoveneto.net\/governo\/wp-json\/wp\/v2\/categories?post=186"},{"taxonomy":"post_tag","embeddable":true,"href":"https:\/\/statoveneto.net\/governo\/wp-json\/wp\/v2\/tags?post=186"}],"curies":[{"name":"wp","href":"https:\/\/api.w.org\/{rel}","templated":true}]}}