{"id":227,"date":"2009-12-31T12:56:17","date_gmt":"2009-12-31T11:56:17","guid":{"rendered":"http:\/\/statoveneto.net\/governo\/?p=227"},"modified":"2010-02-24T18:58:02","modified_gmt":"2010-02-24T17:58:02","slug":"decreto-28-norme-fiscali-penali-e-della-giurisdizione-veneta","status":"publish","type":"post","link":"https:\/\/statoveneto.net\/governo\/decreto-28-norme-fiscali-penali-e-della-giurisdizione-veneta\/","title":{"rendered":"Decreto 28 Norme fiscali, penali e della giurisdizione veneta"},"content":{"rendered":"<p>Il Governo, nell&#8217;esercizio delle funzioni istituzionali e di Governo di Autodeterminazione dell&#8217;ordinamento giuridico del Popolo Veneto:<br \/>\nviste le norme fiscali delle Istituzioni del Popolo Veneto;<br \/>\nvista la necessit\u00e0 di chiarimento ed integrazione delle norme vigenti fiscali e penali;<br \/>\nvista la necessit\u00e0 di certezza della pena e degli obblighi civili;<\/p>\n<h2>Il Governo decreta<\/h2>\n<p>Articolo 1 &#8211; La tassazione generale \u00e8 fissata nella percentuale del 25% del reddito imponibile.<br \/>\nArticolo 2 &#8211; Il reddito imponibile si calcola detraendo dall&#8217;incassato il 100% delle spese sostenute inerenti l&#8217;attivit\u00e0, comprese le spese di investimento, in personale, in macchinari e attrezzature, in pubblicit\u00e0 e promozioni, e i canoni per servizi necessari alla attivit\u00e0.<br \/>\nArticolo 3 \u2013 Non fanno parte dell&#8217;imponibile le cifre fatturare ma non ancora incassate<br \/>\nArticolo 4 \u2013 I soggetti che hanno pi\u00f9 attivit\u00e0 aziendali e personali, dopo aver predisposto le dichiarazioni per ciascuna di esse possono presentarle allegate ad una dichiarazione complessiva dove compensano le cifre al passivo o i crediti di imposta con le cifre all&#8217;attivo di tutte le attivit\u00e0, versando solo il dovuto all&#8217;attivo o con richiesta di rimborso dei crediti d&#8217;imposta risultanti.<br \/>\nArticolo 5 \u2013 Sui redditi netti percepiti le persone fisiche devono versare il 3% in un fondo pensionistico vincolato di durata ventennale sottoscritto presso una societ\u00e0 assicurativa con almeno 100.000 assicurati. Possono ottenere lo svincolo del fondo gli ultrasessantacinquenni.<br \/>\nArticolo 6 \u2013 L&#8217;imposta sugli scambi (ex IVA) \u00e8 fissata al 20% dell&#8217;importo per ogni attivit\u00e0 tranne che per la vendita di alimentari.<br \/>\nArticolo 7 \u2013 In attesa di una organica sistematizzazione delle Lista dei Crimini e della lista degli Usi, vengono rese esecutive nell&#8217;ordinamento veneto tutte le fattispecie di reato e tutte le fattispecie del codice civile della legislazione italiana vigenti al 23 maggio 1992, sempre che esse non siano in contrasto con le norme venete oppure con i principi comuni agli stati Europei e salvo giurisprudenza veneta.<br \/>\nIl presente decreto ha il valore di legge nello Stato delle Venetie  il giorno dopo la pubblicazione sul sito ufficiale www.statoveneto.net.<br \/>\nIl Capo del governo del popolo veneto<\/p>\n<p>I ministri<\/p>\n","protected":false},"excerpt":{"rendered":"<p>Il Governo, nell&#8217;esercizio delle funzioni istituzionali e di Governo di Autodeterminazione dell&#8217;ordinamento giuridico del Popolo Veneto: viste le norme fiscali delle Istituzioni del Popolo Veneto; vista la necessit\u00e0 di chiarimento ed integrazione delle norme vigenti fiscali e penali; vista la necessit\u00e0 di certezza della pena e degli obblighi civili; Il Governo decreta Articolo 1 &#8211; [&hellip;]<\/p>\n","protected":false},"author":1,"featured_media":0,"comment_status":"open","ping_status":"open","sticky":false,"template":"","format":"standard","meta":{"footnotes":""},"categories":[4],"tags":[],"class_list":["post-227","post","type-post","status-publish","format-standard","hentry","category-decreti","has-post-title","has-post-date","has-post-category","has-post-tag","has-post-comment","has-post-author",""],"builder_content":"","_links":{"self":[{"href":"https:\/\/statoveneto.net\/governo\/wp-json\/wp\/v2\/posts\/227","targetHints":{"allow":["GET"]}}],"collection":[{"href":"https:\/\/statoveneto.net\/governo\/wp-json\/wp\/v2\/posts"}],"about":[{"href":"https:\/\/statoveneto.net\/governo\/wp-json\/wp\/v2\/types\/post"}],"author":[{"embeddable":true,"href":"https:\/\/statoveneto.net\/governo\/wp-json\/wp\/v2\/users\/1"}],"replies":[{"embeddable":true,"href":"https:\/\/statoveneto.net\/governo\/wp-json\/wp\/v2\/comments?post=227"}],"version-history":[{"count":2,"href":"https:\/\/statoveneto.net\/governo\/wp-json\/wp\/v2\/posts\/227\/revisions"}],"predecessor-version":[{"id":235,"href":"https:\/\/statoveneto.net\/governo\/wp-json\/wp\/v2\/posts\/227\/revisions\/235"}],"wp:attachment":[{"href":"https:\/\/statoveneto.net\/governo\/wp-json\/wp\/v2\/media?parent=227"}],"wp:term":[{"taxonomy":"category","embeddable":true,"href":"https:\/\/statoveneto.net\/governo\/wp-json\/wp\/v2\/categories?post=227"},{"taxonomy":"post_tag","embeddable":true,"href":"https:\/\/statoveneto.net\/governo\/wp-json\/wp\/v2\/tags?post=227"}],"curies":[{"name":"wp","href":"https:\/\/api.w.org\/{rel}","templated":true}]}}