{"id":64,"date":"2002-03-20T23:22:25","date_gmt":"2002-03-20T22:22:25","guid":{"rendered":"http:\/\/statoveneto.net\/governo\/?p=64"},"modified":"2009-01-16T23:23:27","modified_gmt":"2009-01-16T22:23:27","slug":"decreto-del-22-novembre-2001-del-governo-del-popolo-veneto","status":"publish","type":"post","link":"https:\/\/statoveneto.net\/governo\/decreto-del-22-novembre-2001-del-governo-del-popolo-veneto\/","title":{"rendered":"Decreto del 22 novembre 2001 del Governo del Popolo Veneto"},"content":{"rendered":"<p>istitusion: Governo del Popo\u00a3o Veneto<br \/>\ndecreto del: Borgoricco 22\/10\/2001<br \/>\nojeto: Creasion de\u00a3a Casa nasiona\u00a3 veneta &#8220;CASSA NAZIONALE VENETA&#8221;<br \/>\nlengua: veneto<\/p>\n<p>El Governo decreta \u00a3a costitusion de un ente de comodo pa\u00a3a riscosion dei<br \/>\ncrediti, dei tributi e dei patrimoni in jenere de propriet\u00e0 o dirito de<br \/>\nl&#8217;Autogoverno del Popo\u00a3o veneto, secondo lexe veneta.<\/p>\n<p>L&#8217; ente se ciamar\u00e0 &#8220;Casa Nasiona\u00a3 Veneta&#8221; o &#8220;Cassa Nazionale Veneta&#8221; a<br \/>\nseconda dei uxi de registrasion aministrativa. Da sto ponto in l\u00e0 se dir\u00e0<br \/>\nCasa pa indicare \u00a3a &#8220;Casa Nasiona\u00a3 Veneta&#8221; .<\/p>\n<p>Fondatori de\u00a3a Casa sar\u00e0 Franceschi Luciano, prexidente, Bulla Paolo,<br \/>\nministro de\u00a3e finanse, Palmerini Loris, Prexidente del Tribuna\u00a3.<\/p>\n<p>\u00a3a Casa no ga scopo de lucro pa i costituenti o altri ma xe fina\u00a3iz\u00e0 a<br \/>\nl&#8217;autogoverno del popo\u00a3o veneto, cof\u00e0 societ\u00e0 de servisio, secondo lexi<br \/>\nvenete e xe de propriet\u00e0 de l&#8217;autogoverno del Popo\u00a3o veneto.<\/p>\n<p>\u00a3a Casa vegnar\u00e0 registr\u00e0 a on &#8220;Uficio del Registro&#8221; talian pa el<br \/>\nriconosimento da parte del stato ocupante, dopo de ch\u00e9 vegnar\u00e0 registr\u00e0<br \/>\ninte&#8217;l teritorio talian pa uxo de axienda in teritorio talian, preso el<br \/>\n&#8220;MINISTERO DELLE FINANZE&#8221;.<\/p>\n<p>\u00a3a Case se dota de on conto corente posta\u00a3 in deroga a\u00a3a lexe veneta, pa<br \/>\ni fini de l&#8217;autogoverno, co registrasion co i dati dimandai da\u00a3a<br \/>\naministrasion ocupante.<\/p>\n<p>\u00a3a Casa no podar\u00e0 far debiti scoperti. Se on socio versa schei o agisce<br \/>\nal scoerto de moneda de casa \u00a3o fa in so conto e so spexa e soto so<br \/>\nresponsabi\u00a3it\u00e0 pena\u00a3 se no xe sta de\u00a3iber\u00e0 secondo rego\u00a3e scrite soto.<\/p>\n<p>\u00a3a casa par dotarse de tuti i mexi o conti anca esteri che ga bixogno de<br \/>\nuxare, \u00a3o fa soto delibera del prexidente de\u00a3a Casa e almanco un socio<br \/>\nfondatore o un so deleg\u00e0. \u00a3a firma congiunta xe richiesta anca par el<br \/>\nprelievo de fondi o trasferimento de beni.<\/p>\n<p>Tuto l&#8217;ativo de casa xe de propriet\u00e0 de l&#8217;autogoverno, el pasivo xe a<br \/>\ncarico dei soci.<\/p>\n<p>El statuto de\u00a3a Casa vegnar\u00e0 scrito en lengua taliana.<\/p>\n","protected":false},"excerpt":{"rendered":"<p>istitusion: Governo del Popo\u00a3o Veneto decreto del: Borgoricco 22\/10\/2001 ojeto: Creasion de\u00a3a Casa nasiona\u00a3 veneta &#8220;CASSA NAZIONALE VENETA&#8221; lengua: veneto El Governo decreta \u00a3a costitusion de un ente de comodo pa\u00a3a riscosion dei crediti, dei tributi e dei patrimoni in jenere de propriet\u00e0 o dirito de l&#8217;Autogoverno del Popo\u00a3o veneto, secondo lexe veneta. L&#8217; ente [&hellip;]<\/p>\n","protected":false},"author":1,"featured_media":0,"comment_status":"open","ping_status":"open","sticky":false,"template":"","format":"standard","meta":{"footnotes":""},"categories":[4],"tags":[],"class_list":["post-64","post","type-post","status-publish","format-standard","hentry","category-decreti","has-post-title","has-post-date","has-post-category","has-post-tag","has-post-comment","has-post-author",""],"builder_content":"","_links":{"self":[{"href":"https:\/\/statoveneto.net\/governo\/wp-json\/wp\/v2\/posts\/64","targetHints":{"allow":["GET"]}}],"collection":[{"href":"https:\/\/statoveneto.net\/governo\/wp-json\/wp\/v2\/posts"}],"about":[{"href":"https:\/\/statoveneto.net\/governo\/wp-json\/wp\/v2\/types\/post"}],"author":[{"embeddable":true,"href":"https:\/\/statoveneto.net\/governo\/wp-json\/wp\/v2\/users\/1"}],"replies":[{"embeddable":true,"href":"https:\/\/statoveneto.net\/governo\/wp-json\/wp\/v2\/comments?post=64"}],"version-history":[{"count":1,"href":"https:\/\/statoveneto.net\/governo\/wp-json\/wp\/v2\/posts\/64\/revisions"}],"predecessor-version":[{"id":65,"href":"https:\/\/statoveneto.net\/governo\/wp-json\/wp\/v2\/posts\/64\/revisions\/65"}],"wp:attachment":[{"href":"https:\/\/statoveneto.net\/governo\/wp-json\/wp\/v2\/media?parent=64"}],"wp:term":[{"taxonomy":"category","embeddable":true,"href":"https:\/\/statoveneto.net\/governo\/wp-json\/wp\/v2\/categories?post=64"},{"taxonomy":"post_tag","embeddable":true,"href":"https:\/\/statoveneto.net\/governo\/wp-json\/wp\/v2\/tags?post=64"}],"curies":[{"name":"wp","href":"https:\/\/api.w.org\/{rel}","templated":true}]}}